{"id":18624,"global_id":"unioninarutam.org\/et?id=18624","global_id_lineage":["unioninarutam.org\/et?id=18624"],"author":"5","status":"publish","date":"2025-04-11 17:58:12","date_utc":"2025-04-11 17:58:12","modified":"2025-08-04 10:56:19","modified_utc":"2025-08-04 10:56:19","url":"https:\/\/unioninarutam.org\/et\/event\/genf-sveits\/","rest_url":"https:\/\/unioninarutam.org\/et\/wp-json\/tribe\/events\/v1\/events\/18624","title":"\ud83c\udde8\ud83c\uddedGenf, \u0160veits | 14.\u201317. august 2025","description":"<p>August 14<br \/>\n\t  &#8211;<br \/>\n\tAugust 17<\/p>\n<p>\u00d5petused ja sissejuhatus Ayahuasca retriidile koos traditsiooniliste tseremooniatega.<\/p>\n<p>Nii f\u00fc\u00fcsiline ettevalmistus kui ka p\u00f5lisrahvaste filosoofia ja tunnete m\u00f5istmine on sellise tugeva ja s\u00fcgava protsessi edu ja m\u00f5istmise jaoks \u00fclioluline.<\/p>\n<p>Palun lugege blogiartikleid ja vaadake \u00fcle audiovisuaalsed teosed.  <\/p>\n<h2>REGISTREERUGE, T\u00c4ITES SELLE VORMI<\/h2>\n<p>\t\t\t\t\t<a href=\"https:\/\/unioninarutam.org\/et\/laagrid\/sveits\/\"><br \/>\n\t\t\t\t\t\t\t\t\tLisateave \u0160veitsi retriitide kohta<br \/>\n\t\t\t\t\t<\/a><\/p>","excerpt":"","slug":"genf-sveits","image":{"url":"https:\/\/unioninarutam.org\/et\/wp-content\/uploads\/2025\/04\/resized_image_DxO.jpg","id":18607,"extension":"jpg","width":1200,"height":675,"filesize":176098,"sizes":{"medium":{"width":300,"height":169,"mime-type":"image\/jpeg","filesize":7131,"url":"https:\/\/unioninarutam.org\/et\/wp-content\/uploads\/2025\/04\/resized_image_DxO-300x169.jpg"},"large":{"width":1024,"height":576,"mime-type":"image\/jpeg","filesize":57486,"url":"https:\/\/unioninarutam.org\/et\/wp-content\/uploads\/2025\/04\/resized_image_DxO-1024x576.jpg"},"thumbnail":{"width":150,"height":150,"mime-type":"image\/jpeg","filesize":4044,"url":"https:\/\/unioninarutam.org\/et\/wp-content\/uploads\/2025\/04\/resized_image_DxO-150x150.jpg"},"medium_large":{"width":768,"height":432,"mime-type":"image\/jpeg","filesize":34553,"url":"https:\/\/unioninarutam.org\/et\/wp-content\/uploads\/2025\/04\/resized_image_DxO-768x432.jpg"},"cmplz_banner_image":{"width":350,"height":100,"mime-type":"image\/jpeg","filesize":4244,"url":"https:\/\/unioninarutam.org\/et\/wp-content\/uploads\/2025\/04\/resized_image_DxO-350x100.jpg"}}},"all_day":true,"start_date":"2025-08-14 00:00:00","start_date_details":{"year":"2025","month":"08","day":"14","hour":"00","minutes":"00","seconds":"00"},"end_date":"2025-08-17 23:59:59","end_date_details":{"year":"2025","month":"08","day":"17","hour":"23","minutes":"59","seconds":"59"},"utc_start_date":"2025-08-14 00:00:00","utc_start_date_details":{"year":"2025","month":"08","day":"14","hour":"00","minutes":"00","seconds":"00"},"utc_end_date":"2025-08-17 23:59:59","utc_end_date_details":{"year":"2025","month":"08","day":"17","hour":"23","minutes":"59","seconds":"59"},"timezone":"UTC+0","timezone_abbr":"UTC+0","cost":"","cost_details":{"currency_symbol":"","currency_code":"","currency_position":"","values":[]},"website":"https:\/\/unioninarutam.org\/et\/event\/genf-sveits\/","show_map":false,"show_map_link":false,"hide_from_listings":false,"sticky":false,"featured":false,"categories":[{"name":"Retriit","slug":"retriit","term_group":0,"term_taxonomy_id":241,"taxonomy":"tribe_events_cat","description":"","parent":0,"count":9,"filter":"raw","id":241,"urls":{"self":"https:\/\/unioninarutam.org\/et\/wp-json\/tribe\/events\/v1\/categories\/241","collection":"https:\/\/unioninarutam.org\/et\/wp-json\/tribe\/events\/v1\/categories"}}],"tags":[{"name":"\u0160veits","slug":"sveits","term_group":0,"term_taxonomy_id":280,"taxonomy":"post_tag","description":"","parent":0,"count":1,"filter":"raw","id":280,"urls":{"self":"https:\/\/unioninarutam.org\/et\/wp-json\/tribe\/events\/v1\/tags\/280","collection":"https:\/\/unioninarutam.org\/et\/wp-json\/tribe\/events\/v1\/tags"}}],"venue":[],"organizer":[],"custom_fields":[],"json_ld":{"@context":"http:\/\/schema.org","@type":"Event","name":"\ud83c\udde8\ud83c\uddedGenf, \u0160veits | 14.\u201317. august 2025","description":"&lt;p&gt;August 14 - August 17 \u00d5petused ja sissejuhatus Ayahuasca retriidile koos traditsiooniliste tseremooniatega. Nii f\u00fc\u00fcsiline ettevalmistus kui ka p\u00f5lisrahvaste filosoofia ja tunnete m\u00f5istmine on sellise tugeva ja s\u00fcgava protsessi edu [&hellip;]&lt;\/p&gt;\\n","image":"https:\/\/unioninarutam.org\/et\/wp-content\/uploads\/2025\/04\/resized_image_DxO.jpg","url":"https:\/\/unioninarutam.org\/et\/event\/genf-sveits\/","eventAttendanceMode":"https:\/\/schema.org\/OfflineEventAttendanceMode","eventStatus":"https:\/\/schema.org\/EventScheduled","startDate":"2025-08-14T00:00:00+00:00","endDate":"2025-08-17T23:59:59+00:00","performer":"Organization"}}